{"id":11202,"date":"2019-10-17T09:34:23","date_gmt":"2019-10-17T09:34:23","guid":{"rendered":"https:\/\/www.r-u-b.de\/anwendertreffen-mai-2019\/"},"modified":"2021-07-09T11:43:35","modified_gmt":"2021-07-09T10:43:35","slug":"reunion-de-usuarios-en-mayo-2019","status":"publish","type":"post","link":"https:\/\/www.r-u-b.de\/es\/reunion-de-usuarios-en-mayo-2019\/","title":{"rendered":"NUESTRA REUNI\u00d3N DE USUARIOS E INTERESADOS EN MAYO DE 2019 FUE TODO UN \u00c9XITO"},"content":{"rendered":"[et_pb_section fb_built=&#8221;1&#8243; custom_padding_last_edited=&#8221;on|desktop&#8221; admin_label=&#8221;section&#8221; _builder_version=&#8221;4.0.9&#8243; custom_margin=&#8221;||100px||false|false&#8221; custom_margin_tablet=&#8221;&#8221; custom_margin_phone=&#8221;||||false|false&#8221; custom_margin_last_edited=&#8221;on|desktop&#8221; custom_padding_tablet=&#8221;&#8221; custom_padding_phone=&#8221;||||false|false&#8221; da_is_popup=&#8221;off&#8221; da_exit_intent=&#8221;off&#8221; da_has_close=&#8221;on&#8221; da_alt_close=&#8221;off&#8221; da_dark_close=&#8221;off&#8221; da_not_modal=&#8221;on&#8221; da_is_singular=&#8221;off&#8221; da_with_loader=&#8221;off&#8221; da_has_shadow=&#8221;on&#8221; da_disable_devices=&#8221;off|off|off&#8221;][et_pb_row custom_padding_last_edited=&#8221;off|desktop&#8221; admin_label=&#8221;row&#8221; _builder_version=&#8221;4.0.9&#8243; background_color=&#8221;rgba(0,0,0,0)&#8221; background_size=&#8221;initial&#8221; background_position=&#8221;top_left&#8221; background_repeat=&#8221;repeat&#8221; min_height_last_edited=&#8221;off|desktop&#8221; height_last_edited=&#8221;off|desktop&#8221; max_height_last_edited=&#8221;off|desktop&#8221; custom_margin=&#8221;||||false|false&#8221; custom_margin_last_edited=&#8221;off|desktop&#8221; custom_css_main_element_last_edited=&#8221;on|desktop&#8221;][et_pb_column type=&#8221;4_4&#8243; module_id=&#8221;anwendertreffen&#8221; _builder_version=&#8221;4.0.9&#8243; custom_padding=&#8221;|||&#8221; custom_padding__hover=&#8221;|||&#8221;][et_pb_text content_tablet=&#8221;<p>Die Aufregung war gro\u00df, bevor wir letzte Woche die T\u00fcren f\u00fcr zahlreiche Anwender und Interessenten an unserem TICC Treffen, ge\u00f6ffnet haben.<br \/>Viele Fragen und sogar vielleicht etwas Lampenfieber machte sich bei den Kollegen breit. Wie werden die Neuerungen ankommen? Sind unsere Ideen f\u00fcr die Zukunft auch die W\u00fcnsche und Bed\u00fcrfnisse unserer Kunden von heute und morgen?<\/p>\n<p>Die letzte Woche hat uns wieder gezeigt, dass unsere Kalkulationssoftware TICC mit seiner Einzigartigkeit und Vielseitigkeit \u00fcberzeugt.<\/p>\n<p>Wir m\u00f6chten nun die Gelegenheit nutzen und einmal Danke sagen.<\/p>\n<p>Danke, an alle die uns im Westerwald, aus nah und fern besucht haben. Wir freuen uns jetzt schon auf n\u00e4chstes Jahr, wenn es wieder hei\u00dft \u201eHerzlich Willkommen bei R+B \u2013 Ein Einblick hinter die Kulissen\u201c. Denn wir meinen, so etwas Tolles muss wiederholt werden.<\/p>\n<p>Sie und Ihr Unternehmen waren nicht dabei? Dann seien Sie gespannt auf die n\u00e4chsten Newsletter in denen wir Ihnen ebenfalls von den Neuerungen berichten werden. Oder greifen Sie zum Telefon, wir beraten Sie gerne pers\u00f6nlich, \u00fcber Ihre M\u00f6glichkeiten mit TICC.<\/p>\n&#8221; content_phone=&#8221;<p>Die Aufregung war gro\u00df, bevor wir letzte Woche die T\u00fcren f\u00fcr zahlreiche Anwender und Interessenten an unserem TICC Treffen, ge\u00f6ffnet haben.<br \/>Viele Fragen und sogar vielleicht etwas Lampenfieber machte sich bei den Kollegen breit. Wie werden die Neuerungen ankommen? Sind unsere Ideen f\u00fcr die Zukunft auch die W\u00fcnsche und Bed\u00fcrfnisse unserer Kunden von heute und morgen?<\/p>\n<p>Die letzte Woche hat uns wieder gezeigt, dass unsere Kalkulationssoftware TICC mit seiner Einzigartigkeit und Vielseitigkeit \u00fcberzeugt.<\/p>\n<p>Wir m\u00f6chten nun die Gelegenheit nutzen und einmal Danke sagen.<\/p>\n<p>Danke, an alle die uns im Westerwald, aus nah und fern besucht haben. Wir freuen uns jetzt schon auf n\u00e4chstes Jahr, wenn es wieder hei\u00dft \u201eHerzlich Willkommen bei R+B \u2013 Ein Einblick hinter die Kulissen\u201c. Denn wir meinen, so etwas Tolles muss wiederholt werden.<\/p>\n<p>Sie und Ihr Unternehmen waren nicht dabei? Dann seien Sie gespannt auf die n\u00e4chsten Newsletter in denen wir Ihnen ebenfalls von den Neuerungen berichten werden. Oder greifen Sie zum Telefon, wir beraten Sie gerne pers\u00f6nlich, \u00fcber Ihre M\u00f6glichkeiten mit TICC.<\/p>\n&#8221; content_last_edited=&#8221;on|desktop&#8221; admin_label=&#8221;Text&#8221; _builder_version=&#8221;4.9.7&#8243; background_color=&#8221;rgba(0,0,0,0)&#8221; background_size=&#8221;initial&#8221; background_position=&#8221;top_left&#8221; background_repeat=&#8221;repeat&#8221; height_last_edited=&#8221;off|desktop&#8221; custom_margin=&#8221;||||false|false&#8221; custom_margin_tablet=&#8221;||||false|false&#8221; custom_margin_phone=&#8221;||||false|false&#8221; custom_margin_last_edited=&#8221;off|desktop&#8221; custom_padding=&#8221;|0px||0px|false|true&#8221; custom_padding_tablet=&#8221;|25px||25px|false|true&#8221; custom_padding_phone=&#8221;||||false|false&#8221; custom_padding_last_edited=&#8221;on|tablet&#8221; hover_enabled=&#8221;0&#8243; sticky_enabled=&#8221;0&#8243;]<p>Hab\u00eda mucho inter\u00e9s cuando abrimos las puertas de nuestro encuentro para numerosos usuarios e interesados de TICC la semana pasada.<br \/>Entre los compa\u00f1eros cursaba un gran n\u00famero de preguntas, adem\u00e1s de percibirse un cierto miedo esc\u00e9nico. \u00bfC\u00f3mo se recibir\u00edan las novedades? \u00bfCoinciden nuestras ideas para el futuro con los deseos y las necesidades, tanto actuales como futuras, de nuestros clientes?<\/p>\n<p>La semana anterior nos demostr\u00f3 una vez m\u00e1s que nuestro software de c\u00e1lculo TICC convence por su exclusividad y su versatilidad.<\/p>\n<p>Nos gustar\u00eda aprovechar la ocasi\u00f3n para expresarles de nuevo nuestro agradecimiento.<\/p>\n<p>Gracias a todos aquellos que nos visitaron en el Westerwald, tanto de forma presencial como remota. Aguardamos ya con impaciencia el encuentro del a\u00f1o que viene, en el que en R+B volveremos a darles la bienvenida para que echen un vistazo detr\u00e1s de bastidores, porque algo tan estupendo hay que repetirlo.<\/p>\n<p>\u00bfNi usted ni su empresa pudieron participar? Consulte el pr\u00f3ximo bolet\u00edn de noticias, en el que tambi\u00e9n informaremos acerca de las novedades o ll\u00e1menos por tel\u00e9fono: con mucho gusto le asesoraremos personalmente sobre las posibilidades que ofrece TICC.<\/p>\n<p><\/p>[\/et_pb_text][\/et_pb_column][\/et_pb_row][\/et_pb_section]<!-- \/wp:post-content -->","protected":false},"excerpt":{"rendered":"<p>Hab\u00eda mucho inter\u00e9s cuando abrimos las puertas de nuestro encuentro para numerosos usuarios e interesados de TICC la semana pasada.Entre los compa\u00f1eros cursaba un gran n\u00famero de preguntas, adem\u00e1s de percibirse un cierto miedo esc\u00e9nico. \u00bfC\u00f3mo se recibir\u00edan las novedades? \u00bfCoinciden nuestras ideas para el futuro con los deseos y las necesidades, tanto actuales como [&hellip;]<\/p>\n","protected":false},"author":1,"featured_media":11203,"comment_status":"open","ping_status":"open","sticky":false,"template":"","format":"standard","meta":{"_et_pb_use_builder":"on","_et_pb_old_content":"<!-- wp:paragraph -->\r\n<p>Die Aufregung war gro\u00df, bevor wir letzte Woche die T\u00fcren f\u00fcr zahlreiche Anwender und Interessenten an unserem TICC Treffen, ge\u00f6ffnet haben.<br \/>Viele Fragen und sogar vielleicht etwas Lampenfieber machte sich bei den Kollegen breit. Wie werden die Neuerungen ankommen? Sind unsere Ideen f\u00fcr die Zukunft auch die W\u00fcnsche und Bed\u00fcrfnisse unserer Kunden von heute und morgen?<\/p>\r\n<p>Die letzte Woche hat uns wieder gezeigt, dass unsere Kalkulationssoftware TICC mit seiner Einzigartigkeit und Vielseitigkeit \u00fcberzeugt.<\/p>\r\n<p>Wir m\u00f6chten nun die Gelegenheit nutzen und einmal Danke sagen.<\/p>\r\n<p>Danke, an alle die uns im Westerwald, aus nah und fern besucht haben. Wir freuen uns jetzt schon auf n\u00e4chstes Jahr, wenn es wieder hei\u00dft \u201eHerzlich Willkommen bei R+B \u2013 Ein Einblick hinter die Kulissen\u201c. Denn wir meinen, so etwas Tolles muss wiederholt werden.<\/p>\r\n<p>Sie und Ihr Unternehmen waren nicht dabei? Dann seien Sie gespannt auf die n\u00e4chsten Newsletter in denen wir Ihnen ebenfalls von den Neuerungen berichten werden. Oder greifen Sie zum Telefon, wir beraten Sie gerne pers\u00f6nlich, \u00fcber Ihre M\u00f6glichkeiten mit TICC.<\/p>\r\n<!-- \/wp:paragraph -->","_et_gb_content_width":"","footnotes":""},"categories":[50],"tags":[],"class_list":["post-11202","post","type-post","status-publish","format-standard","has-post-thumbnail","hentry","category-sin-categorizar"],"yoast_head":"<!-- This site is optimized with the Yoast SEO plugin v27.3 - https:\/\/yoast.com\/product\/yoast-seo-wordpress\/ -->\n<title>Unser Anwedertreffen im Mai 2019 war ein voller Erfolg | R+B GmbH<\/title>\n<meta name=\"description\" content=\"Hab\u00eda mucho inter\u00e9s cuando abrimos las puertas de nuestro encuentro para numerosos usuarios e interesados de TICC la semana pasada.\" \/>\n<meta name=\"robots\" content=\"index, follow, max-snippet:-1, max-image-preview:large, max-video-preview:-1\" \/>\n<link rel=\"canonical\" href=\"https:\/\/www.r-u-b.de\/es\/reunion-de-usuarios-en-mayo-2019\/\" \/>\n<meta property=\"og:locale\" content=\"es_ES\" \/>\n<meta property=\"og:type\" content=\"article\" \/>\n<meta property=\"og:title\" content=\"Unser Anwedertreffen im Mai 2019 war ein voller Erfolg | R+B GmbH\" \/>\n<meta property=\"og:description\" content=\"Hab\u00eda mucho inter\u00e9s cuando abrimos las puertas de nuestro encuentro para numerosos usuarios e interesados de TICC la semana pasada.\" \/>\n<meta property=\"og:url\" content=\"https:\/\/www.r-u-b.de\/es\/reunion-de-usuarios-en-mayo-2019\/\" \/>\n<meta property=\"og:site_name\" content=\"R+B Entwicklungs- und Vertriebs GmbH\" \/>\n<meta property=\"article:publisher\" content=\"https:\/\/www.facebook.com\/RuB.Entwicklung\/\" \/>\n<meta property=\"article:published_time\" content=\"2019-10-17T09:34:23+00:00\" \/>\n<meta property=\"article:modified_time\" content=\"2021-07-09T10:43:35+00:00\" \/>\n<meta property=\"og:image\" content=\"https:\/\/www.r-u-b.de\/wp-content\/uploads\/2019\/10\/rb_herzlich.jpg_Blog1.jpg\" \/>\n\t<meta property=\"og:image:width\" content=\"1500\" \/>\n\t<meta property=\"og:image:height\" content=\"900\" \/>\n\t<meta property=\"og:image:type\" content=\"image\/jpeg\" \/>\n<meta name=\"author\" content=\"A4RuB2dmin\" \/>\n<meta name=\"twitter:label1\" content=\"Escrito por\" \/>\n\t<meta name=\"twitter:data1\" content=\"A4RuB2dmin\" \/>\n\t<meta name=\"twitter:label2\" content=\"Tiempo de lectura\" \/>\n\t<meta name=\"twitter:data2\" content=\"4 minutos\" \/>\n<script type=\"application\/ld+json\" class=\"yoast-schema-graph\">{\"@context\":\"https:\\\/\\\/schema.org\",\"@graph\":[{\"@type\":\"Article\",\"@id\":\"https:\\\/\\\/www.r-u-b.de\\\/es\\\/reunion-de-usuarios-en-mayo-2019\\\/#article\",\"isPartOf\":{\"@id\":\"https:\\\/\\\/www.r-u-b.de\\\/es\\\/reunion-de-usuarios-en-mayo-2019\\\/\"},\"author\":{\"name\":\"A4RuB2dmin\",\"@id\":\"https:\\\/\\\/www.r-u-b.de\\\/es\\\/#\\\/schema\\\/person\\\/34f67082c99c05b4ff91843208af677d\"},\"headline\":\"NUESTRA REUNI\u00d3N DE USUARIOS E INTERESADOS EN MAYO DE 2019 FUE TODO UN \u00c9XITO\",\"datePublished\":\"2019-10-17T09:34:23+00:00\",\"dateModified\":\"2021-07-09T10:43:35+00:00\",\"mainEntityOfPage\":{\"@id\":\"https:\\\/\\\/www.r-u-b.de\\\/es\\\/reunion-de-usuarios-en-mayo-2019\\\/\"},\"wordCount\":829,\"commentCount\":0,\"publisher\":{\"@id\":\"https:\\\/\\\/www.r-u-b.de\\\/es\\\/#organization\"},\"image\":{\"@id\":\"https:\\\/\\\/www.r-u-b.de\\\/es\\\/reunion-de-usuarios-en-mayo-2019\\\/#primaryimage\"},\"thumbnailUrl\":\"https:\\\/\\\/www.r-u-b.de\\\/wp-content\\\/uploads\\\/2019\\\/10\\\/rb_herzlich.jpg_Blog1.jpg\",\"articleSection\":[\"Sin categorizar\"],\"inLanguage\":\"es\",\"potentialAction\":[{\"@type\":\"CommentAction\",\"name\":\"Comment\",\"target\":[\"https:\\\/\\\/www.r-u-b.de\\\/es\\\/reunion-de-usuarios-en-mayo-2019\\\/#respond\"]}]},{\"@type\":\"WebPage\",\"@id\":\"https:\\\/\\\/www.r-u-b.de\\\/es\\\/reunion-de-usuarios-en-mayo-2019\\\/\",\"url\":\"https:\\\/\\\/www.r-u-b.de\\\/es\\\/reunion-de-usuarios-en-mayo-2019\\\/\",\"name\":\"Unser Anwedertreffen im Mai 2019 war ein voller Erfolg | R+B GmbH\",\"isPartOf\":{\"@id\":\"https:\\\/\\\/www.r-u-b.de\\\/es\\\/#website\"},\"primaryImageOfPage\":{\"@id\":\"https:\\\/\\\/www.r-u-b.de\\\/es\\\/reunion-de-usuarios-en-mayo-2019\\\/#primaryimage\"},\"image\":{\"@id\":\"https:\\\/\\\/www.r-u-b.de\\\/es\\\/reunion-de-usuarios-en-mayo-2019\\\/#primaryimage\"},\"thumbnailUrl\":\"https:\\\/\\\/www.r-u-b.de\\\/wp-content\\\/uploads\\\/2019\\\/10\\\/rb_herzlich.jpg_Blog1.jpg\",\"datePublished\":\"2019-10-17T09:34:23+00:00\",\"dateModified\":\"2021-07-09T10:43:35+00:00\",\"description\":\"Hab\u00eda mucho inter\u00e9s cuando abrimos las puertas de nuestro encuentro para numerosos usuarios e interesados de TICC la semana pasada.\",\"breadcrumb\":{\"@id\":\"https:\\\/\\\/www.r-u-b.de\\\/es\\\/reunion-de-usuarios-en-mayo-2019\\\/#breadcrumb\"},\"inLanguage\":\"es\",\"potentialAction\":[{\"@type\":\"ReadAction\",\"target\":[\"https:\\\/\\\/www.r-u-b.de\\\/es\\\/reunion-de-usuarios-en-mayo-2019\\\/\"]}]},{\"@type\":\"ImageObject\",\"inLanguage\":\"es\",\"@id\":\"https:\\\/\\\/www.r-u-b.de\\\/es\\\/reunion-de-usuarios-en-mayo-2019\\\/#primaryimage\",\"url\":\"https:\\\/\\\/www.r-u-b.de\\\/wp-content\\\/uploads\\\/2019\\\/10\\\/rb_herzlich.jpg_Blog1.jpg\",\"contentUrl\":\"https:\\\/\\\/www.r-u-b.de\\\/wp-content\\\/uploads\\\/2019\\\/10\\\/rb_herzlich.jpg_Blog1.jpg\",\"width\":1500,\"height\":900},{\"@type\":\"BreadcrumbList\",\"@id\":\"https:\\\/\\\/www.r-u-b.de\\\/es\\\/reunion-de-usuarios-en-mayo-2019\\\/#breadcrumb\",\"itemListElement\":[{\"@type\":\"ListItem\",\"position\":1,\"name\":\"Startseite\",\"item\":\"https:\\\/\\\/www.r-u-b.de\\\/es\\\/\"},{\"@type\":\"ListItem\",\"position\":2,\"name\":\"NUESTRA REUNI\u00d3N DE USUARIOS E INTERESADOS EN MAYO DE 2019 FUE TODO UN \u00c9XITO\"}]},{\"@type\":\"WebSite\",\"@id\":\"https:\\\/\\\/www.r-u-b.de\\\/es\\\/#website\",\"url\":\"https:\\\/\\\/www.r-u-b.de\\\/es\\\/\",\"name\":\"R+B Entwicklungs- und Vertriebs GmbH\",\"description\":\"Software- und Prozessl\u00f6sungen f\u00fcr den Fertigungsbereich\",\"publisher\":{\"@id\":\"https:\\\/\\\/www.r-u-b.de\\\/es\\\/#organization\"},\"potentialAction\":[{\"@type\":\"SearchAction\",\"target\":{\"@type\":\"EntryPoint\",\"urlTemplate\":\"https:\\\/\\\/www.r-u-b.de\\\/es\\\/?s={search_term_string}\"},\"query-input\":{\"@type\":\"PropertyValueSpecification\",\"valueRequired\":true,\"valueName\":\"search_term_string\"}}],\"inLanguage\":\"es\"},{\"@type\":\"Organization\",\"@id\":\"https:\\\/\\\/www.r-u-b.de\\\/es\\\/#organization\",\"name\":\"R+B Entwicklungs- und Vertriebs GmbH\",\"url\":\"https:\\\/\\\/www.r-u-b.de\\\/es\\\/\",\"logo\":{\"@type\":\"ImageObject\",\"inLanguage\":\"es\",\"@id\":\"https:\\\/\\\/www.r-u-b.de\\\/es\\\/#\\\/schema\\\/logo\\\/image\\\/\",\"url\":\"https:\\\/\\\/www.r-u-b.de\\\/wp-content\\\/uploads\\\/2019\\\/10\\\/logo_RB.png\",\"contentUrl\":\"https:\\\/\\\/www.r-u-b.de\\\/wp-content\\\/uploads\\\/2019\\\/10\\\/logo_RB.png\",\"width\":108,\"height\":98,\"caption\":\"R+B Entwicklungs- und Vertriebs GmbH\"},\"image\":{\"@id\":\"https:\\\/\\\/www.r-u-b.de\\\/es\\\/#\\\/schema\\\/logo\\\/image\\\/\"},\"sameAs\":[\"https:\\\/\\\/www.facebook.com\\\/RuB.Entwicklung\\\/\",\"https:\\\/\\\/www.linkedin.com\\\/company\\\/r-&amp;-b-entwicklungs--und-vertriebs-gmbh\\\/\",\"https:\\\/\\\/www.youtube.com\\\/channel\\\/UC-FI5SwGxjynz0oAB19sJvQ\"]},{\"@type\":\"Person\",\"@id\":\"https:\\\/\\\/www.r-u-b.de\\\/es\\\/#\\\/schema\\\/person\\\/34f67082c99c05b4ff91843208af677d\",\"name\":\"A4RuB2dmin\",\"url\":\"https:\\\/\\\/www.r-u-b.de\\\/es\\\/author\\\/a4rub2dmin\\\/\"}]}<\/script>\n<!-- \/ Yoast SEO plugin. -->","yoast_head_json":{"title":"Unser Anwedertreffen im Mai 2019 war ein voller Erfolg | R+B GmbH","description":"Hab\u00eda mucho inter\u00e9s cuando abrimos las puertas de nuestro encuentro para numerosos usuarios e interesados de TICC la semana pasada.","robots":{"index":"index","follow":"follow","max-snippet":"max-snippet:-1","max-image-preview":"max-image-preview:large","max-video-preview":"max-video-preview:-1"},"canonical":"https:\/\/www.r-u-b.de\/es\/reunion-de-usuarios-en-mayo-2019\/","og_locale":"es_ES","og_type":"article","og_title":"Unser Anwedertreffen im Mai 2019 war ein voller Erfolg | R+B GmbH","og_description":"Hab\u00eda mucho inter\u00e9s cuando abrimos las puertas de nuestro encuentro para numerosos usuarios e interesados de TICC la semana pasada.","og_url":"https:\/\/www.r-u-b.de\/es\/reunion-de-usuarios-en-mayo-2019\/","og_site_name":"R+B Entwicklungs- und Vertriebs GmbH","article_publisher":"https:\/\/www.facebook.com\/RuB.Entwicklung\/","article_published_time":"2019-10-17T09:34:23+00:00","article_modified_time":"2021-07-09T10:43:35+00:00","og_image":[{"width":1500,"height":900,"url":"https:\/\/www.r-u-b.de\/wp-content\/uploads\/2019\/10\/rb_herzlich.jpg_Blog1.jpg","type":"image\/jpeg"}],"author":"A4RuB2dmin","twitter_misc":{"Escrito por":"A4RuB2dmin","Tiempo de lectura":"4 minutos"},"schema":{"@context":"https:\/\/schema.org","@graph":[{"@type":"Article","@id":"https:\/\/www.r-u-b.de\/es\/reunion-de-usuarios-en-mayo-2019\/#article","isPartOf":{"@id":"https:\/\/www.r-u-b.de\/es\/reunion-de-usuarios-en-mayo-2019\/"},"author":{"name":"A4RuB2dmin","@id":"https:\/\/www.r-u-b.de\/es\/#\/schema\/person\/34f67082c99c05b4ff91843208af677d"},"headline":"NUESTRA REUNI\u00d3N DE USUARIOS E INTERESADOS EN MAYO DE 2019 FUE TODO UN \u00c9XITO","datePublished":"2019-10-17T09:34:23+00:00","dateModified":"2021-07-09T10:43:35+00:00","mainEntityOfPage":{"@id":"https:\/\/www.r-u-b.de\/es\/reunion-de-usuarios-en-mayo-2019\/"},"wordCount":829,"commentCount":0,"publisher":{"@id":"https:\/\/www.r-u-b.de\/es\/#organization"},"image":{"@id":"https:\/\/www.r-u-b.de\/es\/reunion-de-usuarios-en-mayo-2019\/#primaryimage"},"thumbnailUrl":"https:\/\/www.r-u-b.de\/wp-content\/uploads\/2019\/10\/rb_herzlich.jpg_Blog1.jpg","articleSection":["Sin categorizar"],"inLanguage":"es","potentialAction":[{"@type":"CommentAction","name":"Comment","target":["https:\/\/www.r-u-b.de\/es\/reunion-de-usuarios-en-mayo-2019\/#respond"]}]},{"@type":"WebPage","@id":"https:\/\/www.r-u-b.de\/es\/reunion-de-usuarios-en-mayo-2019\/","url":"https:\/\/www.r-u-b.de\/es\/reunion-de-usuarios-en-mayo-2019\/","name":"Unser Anwedertreffen im Mai 2019 war ein voller Erfolg | R+B GmbH","isPartOf":{"@id":"https:\/\/www.r-u-b.de\/es\/#website"},"primaryImageOfPage":{"@id":"https:\/\/www.r-u-b.de\/es\/reunion-de-usuarios-en-mayo-2019\/#primaryimage"},"image":{"@id":"https:\/\/www.r-u-b.de\/es\/reunion-de-usuarios-en-mayo-2019\/#primaryimage"},"thumbnailUrl":"https:\/\/www.r-u-b.de\/wp-content\/uploads\/2019\/10\/rb_herzlich.jpg_Blog1.jpg","datePublished":"2019-10-17T09:34:23+00:00","dateModified":"2021-07-09T10:43:35+00:00","description":"Hab\u00eda mucho inter\u00e9s cuando abrimos las puertas de nuestro encuentro para numerosos usuarios e interesados de TICC la semana pasada.","breadcrumb":{"@id":"https:\/\/www.r-u-b.de\/es\/reunion-de-usuarios-en-mayo-2019\/#breadcrumb"},"inLanguage":"es","potentialAction":[{"@type":"ReadAction","target":["https:\/\/www.r-u-b.de\/es\/reunion-de-usuarios-en-mayo-2019\/"]}]},{"@type":"ImageObject","inLanguage":"es","@id":"https:\/\/www.r-u-b.de\/es\/reunion-de-usuarios-en-mayo-2019\/#primaryimage","url":"https:\/\/www.r-u-b.de\/wp-content\/uploads\/2019\/10\/rb_herzlich.jpg_Blog1.jpg","contentUrl":"https:\/\/www.r-u-b.de\/wp-content\/uploads\/2019\/10\/rb_herzlich.jpg_Blog1.jpg","width":1500,"height":900},{"@type":"BreadcrumbList","@id":"https:\/\/www.r-u-b.de\/es\/reunion-de-usuarios-en-mayo-2019\/#breadcrumb","itemListElement":[{"@type":"ListItem","position":1,"name":"Startseite","item":"https:\/\/www.r-u-b.de\/es\/"},{"@type":"ListItem","position":2,"name":"NUESTRA REUNI\u00d3N DE USUARIOS E INTERESADOS EN MAYO DE 2019 FUE TODO UN \u00c9XITO"}]},{"@type":"WebSite","@id":"https:\/\/www.r-u-b.de\/es\/#website","url":"https:\/\/www.r-u-b.de\/es\/","name":"R+B Entwicklungs- und Vertriebs GmbH","description":"Software- und Prozessl\u00f6sungen f\u00fcr den Fertigungsbereich","publisher":{"@id":"https:\/\/www.r-u-b.de\/es\/#organization"},"potentialAction":[{"@type":"SearchAction","target":{"@type":"EntryPoint","urlTemplate":"https:\/\/www.r-u-b.de\/es\/?s={search_term_string}"},"query-input":{"@type":"PropertyValueSpecification","valueRequired":true,"valueName":"search_term_string"}}],"inLanguage":"es"},{"@type":"Organization","@id":"https:\/\/www.r-u-b.de\/es\/#organization","name":"R+B Entwicklungs- und Vertriebs GmbH","url":"https:\/\/www.r-u-b.de\/es\/","logo":{"@type":"ImageObject","inLanguage":"es","@id":"https:\/\/www.r-u-b.de\/es\/#\/schema\/logo\/image\/","url":"https:\/\/www.r-u-b.de\/wp-content\/uploads\/2019\/10\/logo_RB.png","contentUrl":"https:\/\/www.r-u-b.de\/wp-content\/uploads\/2019\/10\/logo_RB.png","width":108,"height":98,"caption":"R+B Entwicklungs- und Vertriebs GmbH"},"image":{"@id":"https:\/\/www.r-u-b.de\/es\/#\/schema\/logo\/image\/"},"sameAs":["https:\/\/www.facebook.com\/RuB.Entwicklung\/","https:\/\/www.linkedin.com\/company\/r-&amp;-b-entwicklungs--und-vertriebs-gmbh\/","https:\/\/www.youtube.com\/channel\/UC-FI5SwGxjynz0oAB19sJvQ"]},{"@type":"Person","@id":"https:\/\/www.r-u-b.de\/es\/#\/schema\/person\/34f67082c99c05b4ff91843208af677d","name":"A4RuB2dmin","url":"https:\/\/www.r-u-b.de\/es\/author\/a4rub2dmin\/"}]}},"_links":{"self":[{"href":"https:\/\/www.r-u-b.de\/es\/wp-json\/wp\/v2\/posts\/11202","targetHints":{"allow":["GET"]}}],"collection":[{"href":"https:\/\/www.r-u-b.de\/es\/wp-json\/wp\/v2\/posts"}],"about":[{"href":"https:\/\/www.r-u-b.de\/es\/wp-json\/wp\/v2\/types\/post"}],"author":[{"embeddable":true,"href":"https:\/\/www.r-u-b.de\/es\/wp-json\/wp\/v2\/users\/1"}],"replies":[{"embeddable":true,"href":"https:\/\/www.r-u-b.de\/es\/wp-json\/wp\/v2\/comments?post=11202"}],"version-history":[{"count":0,"href":"https:\/\/www.r-u-b.de\/es\/wp-json\/wp\/v2\/posts\/11202\/revisions"}],"wp:featuredmedia":[{"embeddable":true,"href":"https:\/\/www.r-u-b.de\/es\/wp-json\/wp\/v2\/media\/11203"}],"wp:attachment":[{"href":"https:\/\/www.r-u-b.de\/es\/wp-json\/wp\/v2\/media?parent=11202"}],"wp:term":[{"taxonomy":"category","embeddable":true,"href":"https:\/\/www.r-u-b.de\/es\/wp-json\/wp\/v2\/categories?post=11202"},{"taxonomy":"post_tag","embeddable":true,"href":"https:\/\/www.r-u-b.de\/es\/wp-json\/wp\/v2\/tags?post=11202"}],"curies":[{"name":"wp","href":"https:\/\/api.w.org\/{rel}","templated":true}]}}